{"id":99973,"date":"2024-12-01T12:08:55","date_gmt":"2024-12-01T09:08:55","guid":{"rendered":"https:\/\/www.tgrthaber.com\/mavikadin\/?p=99973"},"modified":"2024-12-01T12:17:03","modified_gmt":"2024-12-01T09:17:03","slug":"ask-i-memnu-yildizlari-yillar-sonra-bir-arada-selcuk-yontem-beren-saat-ve-hazal-kaya-kenan-dogulu-konserinde-bulustu","status":"publish","type":"post","link":"https:\/\/www.tgrthaber.com\/mavikadin\/ask-i-memnu-yildizlari-yillar-sonra-bir-arada-selcuk-yontem-beren-saat-ve-hazal-kaya-kenan-dogulu-konserinde-bulustu\/","title":{"rendered":"A\u015fk-\u0131 Memnu y\u0131ld\u0131zlar\u0131 y\u0131llar sonra bir arada! Sel\u00e7uk Y\u00f6ntem, Beren Saat ve Hazal Kaya, Kenan Do\u011fulu konserinde bulu\u015ftu"},"content":{"rendered":"<p>Kanal D ekranlar\u0131nda 2008-2010 y\u0131llar\u0131 aras\u0131nda izleyici kar\u015f\u0131s\u0131na \u00e7\u0131kan ve izlenme rekorlar\u0131 k\u0131ran \u201cA\u015fk-\u0131 Memnu\u201d dizisinin \u2018Adnan\u2019\u0131, \u2018Bihter\u2019i ve \u2018Nihal\u2019i y\u0131llar sonra bir araya geldi. A\u015fk-\u0131 Memnu dizisinin y\u0131ld\u0131zlar\u0131 Sel\u00e7uk Y\u00f6ntem, Beren Saat ve Hazal Kaya, Kenan Do\u011fulu konserinde bulu\u015ftu. O anlar\u0131 Beren Saat sosyal medya hesab\u0131ndan payla\u015ft\u0131. Beren Saat\u2019in payla\u015f\u0131m\u0131na be\u011feniler ya\u011fd\u0131\u2026<\/p>\n<h3>A\u015eK-I MEMNU YILDIZLARI YILLAR SONRA B\u0130R ARADA!<\/h3>\n<p>Bundan yakla\u015f\u0131k 16 y\u0131l \u00f6nce Kanal D ekranlar\u0131nda izleyici kar\u015f\u0131s\u0131na \u00e7\u0131kan \u201cA\u015fk-\u0131 Memnu\u201d dizisinin ba\u015frollerinde yer alan y\u0131ld\u0131z oyuncular Sel\u00e7uk Y\u00f6ntem, Beren Saat ve Hazal Kaya y\u0131llar sonra bir araya geldi. Y\u0131llar ge\u00e7se de birbirlerinden kopamayan y\u0131ld\u0131z oyuncular, birlikte kamera kar\u015f\u0131s\u0131na ge\u00e7ti.<\/p>\n<p><img loading=\"lazy\" decoding=\"async\" class=\"size-large wp-image-99974\" src=\"https:\/\/www.tgrthaber.com\/mavikadin\/wp-content\/uploads\/Adsiz-tasarim-22-7-1024x576.jpg\" alt=\"A\u015fk-\u0131 Memnu\" width=\"640\" height=\"360\" title=\"\" srcset=\"https:\/\/www.tgrthaber.com\/mavikadin\/wp-content\/uploads\/Adsiz-tasarim-22-7-1024x576.jpg 1024w, https:\/\/www.tgrthaber.com\/mavikadin\/wp-content\/uploads\/Adsiz-tasarim-22-7-300x169.jpg 300w, https:\/\/www.tgrthaber.com\/mavikadin\/wp-content\/uploads\/Adsiz-tasarim-22-7-768x432.jpg 768w, https:\/\/www.tgrthaber.com\/mavikadin\/wp-content\/uploads\/Adsiz-tasarim-22-7-1536x864.jpg 1536w, https:\/\/www.tgrthaber.com\/mavikadin\/wp-content\/uploads\/Adsiz-tasarim-22-7.jpg 1600w\" sizes=\"(max-width: 640px) 100vw, 640px\" \/><\/p>\n<p>Y\u0131llar\u0131n koparamad\u0131\u011f\u0131 y\u0131ld\u0131z oyuncular, zaman zaman bir araya gelerek hasret gideriyor ve eski g\u00fcnleri y\u00e2d ediyordu. A\u015fk-\u0131 Memnu\u2019nun y\u0131ld\u0131z oyuncular\u0131 bu kez Kenan Do\u011fulu konserinde bir araya geldi.<\/p>\n<h3>O ANLARI BEREN SAAT SOSYAL MEDYA HESABINDAN PAYLA\u015eTI!<\/h3>\n<p>Kenan Do\u011fulu konserinde bulu\u015fan y\u0131ld\u0131z oyuncular Sel\u00e7uk Y\u00f6ntem, Beren Saat ve Hazal Kaya, birlikte doyas\u0131ya e\u011flendi. Yaln\u0131zca e\u011flenmekle kalmayan y\u0131ld\u0131z oyuncular, birlikte kamera kar\u015f\u0131s\u0131na ge\u00e7erek poz vermeyi de ihmal etmedi.<\/p>\n<p><img loading=\"lazy\" decoding=\"async\" class=\"size-large wp-image-99975\" src=\"https:\/\/www.tgrthaber.com\/mavikadin\/wp-content\/uploads\/Adsiz-tasarim-18-7-1024x576.jpg\" alt=\"A\u015fk-\u0131 Memnu y\u0131ld\u0131zlar\u0131 y\u0131llar sonra bir arada! \" width=\"640\" height=\"360\" title=\"\" srcset=\"https:\/\/www.tgrthaber.com\/mavikadin\/wp-content\/uploads\/Adsiz-tasarim-18-7-1024x576.jpg 1024w, https:\/\/www.tgrthaber.com\/mavikadin\/wp-content\/uploads\/Adsiz-tasarim-18-7-300x169.jpg 300w, https:\/\/www.tgrthaber.com\/mavikadin\/wp-content\/uploads\/Adsiz-tasarim-18-7-768x432.jpg 768w, https:\/\/www.tgrthaber.com\/mavikadin\/wp-content\/uploads\/Adsiz-tasarim-18-7-1536x864.jpg 1536w, https:\/\/www.tgrthaber.com\/mavikadin\/wp-content\/uploads\/Adsiz-tasarim-18-7.jpg 1600w\" sizes=\"(max-width: 640px) 100vw, 640px\" \/><\/p>\n<p>Y\u0131llar sonra bir araya gelen y\u0131ld\u0131z oyuncular, Sel\u00e7uk Y\u00f6ntem, Beren Saat ve Hazal Kaya, birlikte foto\u011fraf \u00e7ekildi. Beren Saat o anlar\u0131 sosyal medya hesab\u0131ndan kalp emojisiyle payla\u015ft\u0131. Saat\u2019in payla\u015f\u0131m\u0131 takip\u00e7ileri taraf\u0131ndan yo\u011fun ilgi g\u00f6r\u00fcrken sosyal medyada da g\u00fcndem oldu.<\/p>\n<p>\u0130\u015fte Beren Saat\u2019in sosyal medya hesab\u0131ndan yapt\u0131\u011f\u0131 o payla\u015f\u0131m\u2026<\/p>\n<figure id=\"attachment_99976\" aria-describedby=\"caption-attachment-99976\" style=\"width: 1024px\" class=\"wp-caption alignnone\"><img loading=\"lazy\" decoding=\"async\" class=\"wp-image-99976 size-large\" src=\"https:\/\/www.tgrthaber.com\/mavikadin\/wp-content\/uploads\/Adsiz-tasarim-21-3-1024x576.jpg\" alt=\"A\u015fk-\u0131 Memnu y\u0131ld\u0131zlar\u0131 y\u0131llar sonra bir arada! \" width=\"1024\" height=\"576\" title=\"\" srcset=\"https:\/\/www.tgrthaber.com\/mavikadin\/wp-content\/uploads\/Adsiz-tasarim-21-3-1024x576.jpg 1024w, https:\/\/www.tgrthaber.com\/mavikadin\/wp-content\/uploads\/Adsiz-tasarim-21-3-300x169.jpg 300w, https:\/\/www.tgrthaber.com\/mavikadin\/wp-content\/uploads\/Adsiz-tasarim-21-3-768x432.jpg 768w, https:\/\/www.tgrthaber.com\/mavikadin\/wp-content\/uploads\/Adsiz-tasarim-21-3-1536x864.jpg 1536w, https:\/\/www.tgrthaber.com\/mavikadin\/wp-content\/uploads\/Adsiz-tasarim-21-3.jpg 1600w\" sizes=\"(max-width: 1024px) 100vw, 1024px\" \/><figcaption id=\"caption-attachment-99976\" class=\"wp-caption-text\">A\u015fk-\u0131 Memnu y\u0131ld\u0131zlar\u0131 y\u0131llar sonra bir arada!<\/figcaption><\/figure>\n","protected":false},"excerpt":{"rendered":"<p>A\u015fk-\u0131 Memnu oyuncular\u0131 y\u0131llar sonra kat\u0131ld\u0131klar\u0131 Kenan Do\u011fulu konserinde bir araya geldi. Sel\u00e7uk Y\u00f6ntem, Beren Saat ve Hazal Kaya, Kenan Do\u011fulu konserinde bulu\u015ftu\u2026<\/p>\n","protected":false},"author":26,"featured_media":99977,"comment_status":"closed","ping_status":"closed","sticky":false,"template":"","format":"standard","meta":{"rank_math_lock_modified_date":false,"footnotes":""},"categories":[76],"tags":[3085,3154,2773,3139],"class_list":["post-99973","post","type-post","status-publish","format-standard","has-post-thumbnail","hentry","category-magazin","tag-aski-memnu","tag-beren-saat","tag-hazal-kaya","tag-selcuk-yontem"],"_links":{"self":[{"href":"https:\/\/www.tgrthaber.com\/mavikadin\/wp-json\/wp\/v2\/posts\/99973"}],"collection":[{"href":"https:\/\/www.tgrthaber.com\/mavikadin\/wp-json\/wp\/v2\/posts"}],"about":[{"href":"https:\/\/www.tgrthaber.com\/mavikadin\/wp-json\/wp\/v2\/types\/post"}],"author":[{"embeddable":true,"href":"https:\/\/www.tgrthaber.com\/mavikadin\/wp-json\/wp\/v2\/users\/26"}],"replies":[{"embeddable":true,"href":"https:\/\/www.tgrthaber.com\/mavikadin\/wp-json\/wp\/v2\/comments?post=99973"}],"version-history":[{"count":2,"href":"https:\/\/www.tgrthaber.com\/mavikadin\/wp-json\/wp\/v2\/posts\/99973\/revisions"}],"predecessor-version":[{"id":99979,"href":"https:\/\/www.tgrthaber.com\/mavikadin\/wp-json\/wp\/v2\/posts\/99973\/revisions\/99979"}],"wp:featuredmedia":[{"embeddable":true,"href":"https:\/\/www.tgrthaber.com\/mavikadin\/wp-json\/wp\/v2\/media\/99977"}],"wp:attachment":[{"href":"https:\/\/www.tgrthaber.com\/mavikadin\/wp-json\/wp\/v2\/media?parent=99973"}],"wp:term":[{"taxonomy":"category","embeddable":true,"href":"https:\/\/www.tgrthaber.com\/mavikadin\/wp-json\/wp\/v2\/categories?post=99973"},{"taxonomy":"post_tag","embeddable":true,"href":"https:\/\/www.tgrthaber.com\/mavikadin\/wp-json\/wp\/v2\/tags?post=99973"}],"curies":[{"name":"wp","href":"https:\/\/api.w.org\/{rel}","templated":true}]}}